{"id":23598,"date":"2026-03-03T17:27:35","date_gmt":"2026-03-03T16:27:35","guid":{"rendered":"https:\/\/www.aitertc.it\/web\/?p=23598"},"modified":"2026-03-13T15:41:16","modified_gmt":"2026-03-13T14:41:16","slug":"controllare-il-tempo-non-gli-algoritmi-un-nuovo-approccio-allintelligenza-artificiale","status":"publish","type":"post","link":"https:\/\/www.aitertc.it\/web\/2026\/03\/03\/controllare-il-tempo-non-gli-algoritmi-un-nuovo-approccio-allintelligenza-artificiale\/","title":{"rendered":"Controllare il tempo, non gli algoritmi: un nuovo approccio all&#8217;Intelligenza Artificiale"},"content":{"rendered":"\t\t<div data-elementor-type=\"wp-post\" data-elementor-id=\"23598\" class=\"elementor elementor-23598\" data-elementor-post-type=\"post\">\n\t\t\t\t<div class=\"elementor-element elementor-element-4bcbee3 e-flex e-con-boxed e-con e-parent\" data-id=\"4bcbee3\" data-element_type=\"container\" data-e-type=\"container\">\n\t\t\t\t\t<div class=\"e-con-inner\">\n\t\t\t\t<div class=\"elementor-element elementor-element-b367182 elementor-widget elementor-widget-heading\" data-id=\"b367182\" data-element_type=\"widget\" data-e-type=\"widget\" data-widget_type=\"heading.default\">\n\t\t\t\t<div class=\"elementor-widget-container\">\n\t\t\t\t\t<h2 class=\"elementor-heading-title elementor-size-default\">Lavorare con l'IA, non per l'IA: un umanesimo per l'Intelligenza Artificiale<\/h2>\t\t\t\t<\/div>\n\t\t\t\t<\/div>\n\t\t\t\t\t<\/div>\n\t\t\t\t<\/div>\n\t\t<div class=\"elementor-element elementor-element-3f588b7 e-flex e-con-boxed e-con e-parent\" data-id=\"3f588b7\" data-element_type=\"container\" data-e-type=\"container\">\n\t\t\t\t\t<div class=\"e-con-inner\">\n\t\t\t\t<div class=\"elementor-element elementor-element-4539ba8 elementor-widget elementor-widget-image\" data-id=\"4539ba8\" data-element_type=\"widget\" data-e-type=\"widget\" data-widget_type=\"image.default\">\n\t\t\t\t<div class=\"elementor-widget-container\">\n\t\t\t\t\t\t\t\t\t\t\t\t\t\t\t<img fetchpriority=\"high\" decoding=\"async\" width=\"1024\" height=\"768\" src=\"https:\/\/www.aitertc.it\/web\/wp-content\/uploads\/2026\/03\/fronte-1024x768.jpg\" class=\"attachment-large size-large wp-image-23600\" alt=\"\" srcset=\"https:\/\/www.aitertc.it\/web\/wp-content\/uploads\/2026\/03\/fronte-1024x768.jpg 1024w, https:\/\/www.aitertc.it\/web\/wp-content\/uploads\/2026\/03\/fronte-300x225.jpg 300w, https:\/\/www.aitertc.it\/web\/wp-content\/uploads\/2026\/03\/fronte-768x576.jpg 768w, https:\/\/www.aitertc.it\/web\/wp-content\/uploads\/2026\/03\/fronte-1536x1152.jpg 1536w, https:\/\/www.aitertc.it\/web\/wp-content\/uploads\/2026\/03\/fronte.jpg 1600w\" sizes=\"(max-width: 1024px) 100vw, 1024px\" \/>\t\t\t\t\t\t\t\t\t\t\t\t\t\t\t<\/div>\n\t\t\t\t<\/div>\n\t\t\t\t\t<\/div>\n\t\t\t\t<\/div>\n\t\t<div class=\"elementor-element elementor-element-c5752a0 e-flex e-con-boxed e-con e-parent\" data-id=\"c5752a0\" data-element_type=\"container\" data-e-type=\"container\">\n\t\t\t\t\t<div class=\"e-con-inner\">\n\t\t\t\t<div class=\"elementor-element elementor-element-50d82fb elementor-widget elementor-widget-n-accordion\" data-id=\"50d82fb\" data-element_type=\"widget\" data-e-type=\"widget\" data-settings=\"{&quot;default_state&quot;:&quot;all_collapsed&quot;,&quot;max_items_expended&quot;:&quot;one&quot;,&quot;n_accordion_animation_duration&quot;:{&quot;unit&quot;:&quot;ms&quot;,&quot;size&quot;:400,&quot;sizes&quot;:[]}}\" data-widget_type=\"nested-accordion.default\">\n\t\t\t\t<div class=\"elementor-widget-container\">\n\t\t\t\t\t\t\t<div class=\"e-n-accordion\" aria-label=\"Accordion. Open links with Enter or Space, close with Escape, and navigate with Arrow Keys\">\n\t\t\t\t\t\t<details id=\"e-n-accordion-item-8470\" class=\"e-n-accordion-item\" >\n\t\t\t\t<summary class=\"e-n-accordion-item-title\" data-accordion-index=\"1\" tabindex=\"0\" aria-expanded=\"false\" aria-controls=\"e-n-accordion-item-8470\" >\n\t\t\t\t\t<span class='e-n-accordion-item-title-header'><div class=\"e-n-accordion-item-title-text\"> RAZIONALE DEL LIBRO <\/div><\/span>\n\t\t\t\t\t\t\t<span class='e-n-accordion-item-title-icon'>\n\t\t\t<span class='e-opened' ><i aria-hidden=\"true\" class=\"fas fa-minus\"><\/i><\/span>\n\t\t\t<span class='e-closed'><i aria-hidden=\"true\" class=\"fas fa-plus\"><\/i><\/span>\n\t\t<\/span>\n\n\t\t\t\t\t\t<\/summary>\n\t\t\t\t<div role=\"region\" aria-labelledby=\"e-n-accordion-item-8470\" class=\"elementor-element elementor-element-d7c880c e-con-full e-flex e-con e-child\" data-id=\"d7c880c\" data-element_type=\"container\" data-e-type=\"container\">\n\t\t<div role=\"region\" aria-labelledby=\"e-n-accordion-item-8470\" class=\"elementor-element elementor-element-0c52441 e-flex e-con-boxed e-con e-child\" data-id=\"0c52441\" data-element_type=\"container\" data-e-type=\"container\">\n\t\t\t\t\t<div class=\"e-con-inner\">\n\t\t\t\t<div class=\"elementor-element elementor-element-15d2cc2 elementor-widget elementor-widget-text-editor\" data-id=\"15d2cc2\" data-element_type=\"widget\" data-e-type=\"widget\" data-widget_type=\"text-editor.default\">\n\t\t\t\t<div class=\"elementor-widget-container\">\n\t\t\t\t\t\t\t\t\t<p>Il libro &#8220;<strong>Controllare il tempo, non gli algoritmi<\/strong>&#8221; \u00e8 un libro per chi non vuole farsi dettare il futuro dagli algoritmi, ma imparare ad utilizzarli: dall\u2019etica alla politica, dal lavoro alla cura, dall\u2019informazione alla creativit\u00e0, una mappa operativa per usare la velocit\u00e0 delle macchine contro la velocit\u00e0 che ci consuma. Capitolo dopo capitolo smonta gli specchietti per le allodole (singolarit\u00e0, macchine coscienti) per riportare l\u2019attenzione sui rischi reali e immediati (difesa, salute, giustizia) e sulle scelte che contano: regolare senza frenare, difendere diritti e competitivit\u00e0, costruire sovranit\u00e0 digitale.<\/p><p>Questo libro mostra<strong> come lavorare con l\u2019IA, non per l\u2019IA<\/strong>: delegare le seccature a un \u201camico dietro\u201d, proteggere il tempo liberato, fissare un errore accettabile e pretendere trasparenza, audit e responsabilit\u00e0 lungo tutto il ciclo di vita dei sistemi. Racconta la crisi dell\u2019evidenza tra deepfake e sycophancy, e propone strumenti per ricostruire fiducia nell\u2019ecosistema informativo, dal giornalismo ibrido alla cittadinanza digitale capace di riconoscere manipolazioni e proteggere lo spazio pubblico.<br \/>Il libro entra nelle stanze pi\u00f9 intime: mente, cura, relazioni; mette al loro posto i chatbot (supporto, non terapia), e difende l\u2019insostituibilit\u00e0 dell\u2019incontro umano, dell\u2019ascolto pieno e del tempo condiviso.<\/p><p>Cos\u00ec facendo apre un laboratorio sulla creativit\u00e0: l\u2019autore come designer e editor, la differenza tra scrittura \u201cclose\u201d e \u201cdistant\u201d, l\u2019autenticit\u00e0 come provenienza e responsabilit\u00e0, non come feticcio dell\u2019\u201caver fatto tutto da soli\u201d.<br \/>\u00c8, alla fine, un manifesto pratico: studiare progettando domande, lavorare dichiarando l\u2019automazione e firmando le scelte, fare impresa con trasparenza e diritti, fare politica creando standard e piazze, prendersi cura di s\u00e9 proteggendo attenzione e relazioni. Perch\u00e9 l\u2019IA sar\u00e0 all\u2019altezza dell\u2019umano solo se l\u2019umano torner\u00e0 all\u2019altezza di s\u00e9: libero nel pensiero, serio nelle regole, generoso nelle relazioni, esigente nella creativit\u00e0.<\/p>\t\t\t\t\t\t\t\t<\/div>\n\t\t\t\t<\/div>\n\t\t\t\t\t<\/div>\n\t\t\t\t<\/div>\n\t\t\t\t<\/div>\n\t\t\t\t\t<\/details>\n\t\t\t\t\t\t<details id=\"e-n-accordion-item-8471\" class=\"e-n-accordion-item\" >\n\t\t\t\t<summary class=\"e-n-accordion-item-title\" data-accordion-index=\"2\" tabindex=\"-1\" aria-expanded=\"false\" aria-controls=\"e-n-accordion-item-8471\" >\n\t\t\t\t\t<span class='e-n-accordion-item-title-header'><div class=\"e-n-accordion-item-title-text\"> L'AUTORE <\/div><\/span>\n\t\t\t\t\t\t\t<span class='e-n-accordion-item-title-icon'>\n\t\t\t<span class='e-opened' ><i aria-hidden=\"true\" class=\"fas fa-minus\"><\/i><\/span>\n\t\t\t<span class='e-closed'><i aria-hidden=\"true\" class=\"fas fa-plus\"><\/i><\/span>\n\t\t<\/span>\n\n\t\t\t\t\t\t<\/summary>\n\t\t\t\t<div role=\"region\" aria-labelledby=\"e-n-accordion-item-8471\" class=\"elementor-element elementor-element-13b8d80 e-con-full e-flex e-con e-child\" data-id=\"13b8d80\" data-element_type=\"container\" data-e-type=\"container\">\n\t\t<div role=\"region\" aria-labelledby=\"e-n-accordion-item-8471\" class=\"elementor-element elementor-element-a71e1b0 e-flex e-con-boxed e-con e-child\" data-id=\"a71e1b0\" data-element_type=\"container\" data-e-type=\"container\">\n\t\t\t\t\t<div class=\"e-con-inner\">\n\t\t\t\t<div class=\"elementor-element elementor-element-130b577 elementor-position-top elementor-widget elementor-widget-image-box\" data-id=\"130b577\" data-element_type=\"widget\" data-e-type=\"widget\" data-widget_type=\"image-box.default\">\n\t\t\t\t<div class=\"elementor-widget-container\">\n\t\t\t\t\t<div class=\"elementor-image-box-wrapper\"><figure class=\"elementor-image-box-img\"><img decoding=\"async\" width=\"649\" height=\"1600\" src=\"https:\/\/www.aitertc.it\/web\/wp-content\/uploads\/2026\/03\/RP.jpg\" class=\"attachment-full size-full wp-image-23601\" alt=\"\" srcset=\"https:\/\/www.aitertc.it\/web\/wp-content\/uploads\/2026\/03\/RP.jpg 649w, https:\/\/www.aitertc.it\/web\/wp-content\/uploads\/2026\/03\/RP-122x300.jpg 122w, https:\/\/www.aitertc.it\/web\/wp-content\/uploads\/2026\/03\/RP-415x1024.jpg 415w, https:\/\/www.aitertc.it\/web\/wp-content\/uploads\/2026\/03\/RP-623x1536.jpg 623w\" sizes=\"(max-width: 649px) 100vw, 649px\" \/><\/figure><div class=\"elementor-image-box-content\"><p class=\"elementor-image-box-description\">L'autore del libro \u00e8 <b>Riccardo Paglialunga<\/b>,  TSRM esperto in diagnostica per immagini, cardiologia interventistica e intelligenza artificiale in ambito sanitario. Ha conseguito master e specializzazioni in pi\u00f9 settori ed \u00e8 attualmente Vicepresidente della CdA TSRM di Brindisi e consulente tecnico d'ufficio presso il Tribunale ordinario di Brindisi. \nInoltre \u00e8 componente del Comitato Scientifico di AITeRTC.<\/p><\/div><\/div>\t\t\t\t<\/div>\n\t\t\t\t<\/div>\n\t\t\t\t\t<\/div>\n\t\t\t\t<\/div>\n\t\t\t\t<\/div>\n\t\t\t\t\t<\/details>\n\t\t\t\t\t<\/div>\n\t\t\t\t\t\t<\/div>\n\t\t\t\t<\/div>\n\t\t\t\t\t<\/div>\n\t\t\t\t<\/div>\n\t\t<div class=\"elementor-element elementor-element-ffd8eae e-flex e-con-boxed e-con e-parent\" data-id=\"ffd8eae\" data-element_type=\"container\" data-e-type=\"container\">\n\t\t\t\t\t<div class=\"e-con-inner\">\n\t\t\t\t<div class=\"elementor-element elementor-element-e6989e0 elementor-widget elementor-widget-text-editor\" data-id=\"e6989e0\" data-element_type=\"widget\" data-e-type=\"widget\" data-widget_type=\"text-editor.default\">\n\t\t\t\t<div class=\"elementor-widget-container\">\n\t\t\t\t\t\t\t\t\t<p>Questo libro nasce da un&#8217;inquietudine semplice: non lasciare che siano le macchine a decidere che cosa diventeremo, n\u00e9 che la paura delle macchine ci impedisca di scegliere che cosa vogliamo diventare.<\/p><p>L&#8217;autore ha voluto provare a trasformare una confusione diffusa in una direzione praticabile: non un catalogo di promesse o minacce, ma un manuale di regia umana nell\u2019epoca dei sistemi generativi, dove la domanda non \u00e8 <em>\u201cPossiamo farlo?\u201d<\/em>, bens\u00ec <em>\u201cPerch\u00e9 farlo?<\/em> <em>Come? Con quali limiti? Per chi? A che prezzo?\u201d<\/em><\/p>\t\t\t\t\t\t\t\t<\/div>\n\t\t\t\t<\/div>\n\t\t\t\t\t<\/div>\n\t\t\t\t<\/div>\n\t\t<div class=\"elementor-element elementor-element-8aa1e2f e-flex e-con-boxed e-con e-parent\" data-id=\"8aa1e2f\" data-element_type=\"container\" data-e-type=\"container\">\n\t\t\t\t\t<div class=\"e-con-inner\">\n\t\t\t\t<div class=\"elementor-element elementor-element-918e270 elementor-widget elementor-widget-image\" data-id=\"918e270\" data-element_type=\"widget\" data-e-type=\"widget\" data-widget_type=\"image.default\">\n\t\t\t\t<div class=\"elementor-widget-container\">\n\t\t\t\t\t\t\t\t\t\t\t\t\t\t\t<img decoding=\"async\" width=\"1024\" height=\"708\" src=\"https:\/\/www.aitertc.it\/web\/wp-content\/uploads\/2026\/03\/retro-1024x708.jpg\" class=\"attachment-large size-large wp-image-23602\" alt=\"\" srcset=\"https:\/\/www.aitertc.it\/web\/wp-content\/uploads\/2026\/03\/retro-1024x708.jpg 1024w, https:\/\/www.aitertc.it\/web\/wp-content\/uploads\/2026\/03\/retro-300x207.jpg 300w, https:\/\/www.aitertc.it\/web\/wp-content\/uploads\/2026\/03\/retro-768x531.jpg 768w, https:\/\/www.aitertc.it\/web\/wp-content\/uploads\/2026\/03\/retro-1536x1062.jpg 1536w, https:\/\/www.aitertc.it\/web\/wp-content\/uploads\/2026\/03\/retro.jpg 1600w\" sizes=\"(max-width: 1024px) 100vw, 1024px\" \/>\t\t\t\t\t\t\t\t\t\t\t\t\t\t\t<\/div>\n\t\t\t\t<\/div>\n\t\t\t\t\t<\/div>\n\t\t\t\t<\/div>\n\t\t<div class=\"elementor-element elementor-element-7afc444 e-flex e-con-boxed e-con e-parent\" data-id=\"7afc444\" data-element_type=\"container\" data-e-type=\"container\">\n\t\t\t\t\t<div class=\"e-con-inner\">\n\t\t\t\t<div class=\"elementor-element elementor-element-e74461b elementor-widget elementor-widget-text-editor\" data-id=\"e74461b\" data-element_type=\"widget\" data-e-type=\"widget\" data-widget_type=\"text-editor.default\">\n\t\t\t\t<div class=\"elementor-widget-container\">\n\t\t\t\t\t\t\t\t\t<ul><li><span style=\"text-decoration: underline;\">PREFAZIONE<\/span> a cura di Prof.ssa Cristiana Simonetti (Professoressa Associata di Pedagogia generale e sociale. Dipartimento di Medicina Clinica e Sperimentale Universit\u00e0 di Foggia. Presidente del Corso di Laurea Magistrale in Scienze delle Professioni Sanitarie Tecniche Diagnostiche Universit\u00e0 di Foggia)<\/li><li><span style=\"text-decoration: underline;\">REVISIONE<\/span> a cura della Dott.ssa <strong>Camilla Antonaroli<\/strong>, Dott.ssa <strong>Graziana Agostinelli<\/strong>, Dott.ssa <strong>Michela Picchetti<\/strong>, anche loro componenti del Comitato Scientifico di AITeRTC.<\/li><\/ul>\t\t\t\t\t\t\t\t<\/div>\n\t\t\t\t<\/div>\n\t\t\t\t\t<\/div>\n\t\t\t\t<\/div>\n\t\t<div class=\"elementor-element elementor-element-b45ba2d e-flex e-con-boxed e-con e-parent\" data-id=\"b45ba2d\" data-element_type=\"container\" data-e-type=\"container\">\n\t\t\t\t\t<div class=\"e-con-inner\">\n\t\t\t\t<div class=\"elementor-element elementor-element-129f6c2 elementor-widget elementor-widget-text-editor\" data-id=\"129f6c2\" data-element_type=\"widget\" data-e-type=\"widget\" data-widget_type=\"text-editor.default\">\n\t\t\t\t<div class=\"elementor-widget-container\">\n\t\t\t\t\t\t\t\t\t<p>Il libro ha ricevuto il patrocinio dell&#8217;<strong>Ordine TSRM PSTRP di Brindisi<\/strong> e di <strong>AITeRTC<\/strong>.<\/p>\t\t\t\t\t\t\t\t<\/div>\n\t\t\t\t<\/div>\n\t\t\t\t\t<\/div>\n\t\t\t\t<\/div>\n\t\t\t\t<\/div>\n\t\t","protected":false},"excerpt":{"rendered":"<p>Lavorare con l&#8217;IA, non per l&#8217;IA: un umanesimo per l&#8217;Intelligenza Artificiale RAZIONALE DEL LIBRO Il libro &#8220;Controllare il tempo, non gli algoritmi&#8221; \u00e8 un libro per chi non vuole farsi&hellip;<\/p>\n","protected":false},"author":43,"featured_media":23602,"comment_status":"closed","ping_status":"closed","sticky":false,"template":"","format":"standard","meta":{"footnotes":""},"categories":[1,518,504],"tags":[52,717,316,664],"class_list":["post-23598","post","type-post","status-publish","format-standard","has-post-thumbnail","hentry","category-news","category-progetti","category-pubblicazioni","tag-ai","tag-algoritmi","tag-ia","tag-pubblicazione"],"_links":{"self":[{"href":"https:\/\/www.aitertc.it\/web\/wp-json\/wp\/v2\/posts\/23598","targetHints":{"allow":["GET"]}}],"collection":[{"href":"https:\/\/www.aitertc.it\/web\/wp-json\/wp\/v2\/posts"}],"about":[{"href":"https:\/\/www.aitertc.it\/web\/wp-json\/wp\/v2\/types\/post"}],"author":[{"embeddable":true,"href":"https:\/\/www.aitertc.it\/web\/wp-json\/wp\/v2\/users\/43"}],"replies":[{"embeddable":true,"href":"https:\/\/www.aitertc.it\/web\/wp-json\/wp\/v2\/comments?post=23598"}],"version-history":[{"count":7,"href":"https:\/\/www.aitertc.it\/web\/wp-json\/wp\/v2\/posts\/23598\/revisions"}],"predecessor-version":[{"id":23727,"href":"https:\/\/www.aitertc.it\/web\/wp-json\/wp\/v2\/posts\/23598\/revisions\/23727"}],"wp:featuredmedia":[{"embeddable":true,"href":"https:\/\/www.aitertc.it\/web\/wp-json\/wp\/v2\/media\/23602"}],"wp:attachment":[{"href":"https:\/\/www.aitertc.it\/web\/wp-json\/wp\/v2\/media?parent=23598"}],"wp:term":[{"taxonomy":"category","embeddable":true,"href":"https:\/\/www.aitertc.it\/web\/wp-json\/wp\/v2\/categories?post=23598"},{"taxonomy":"post_tag","embeddable":true,"href":"https:\/\/www.aitertc.it\/web\/wp-json\/wp\/v2\/tags?post=23598"}],"curies":[{"name":"wp","href":"https:\/\/api.w.org\/{rel}","templated":true}]}}