{"id":5332,"date":"2021-08-09T07:43:50","date_gmt":"2021-08-09T07:43:50","guid":{"rendered":"https:\/\/www.aitertc.it\/web\/?p=5332"},"modified":"2024-01-17T10:39:16","modified_gmt":"2024-01-17T09:39:16","slug":"nasce-aitertc-leggi-larticolo-sul-numero-di-luglio-di-ehealth-news","status":"publish","type":"post","link":"https:\/\/www.aitertc.it\/web\/2021\/08\/09\/nasce-aitertc-leggi-larticolo-sul-numero-di-luglio-di-ehealth-news\/","title":{"rendered":"Nasce AITeRTC: leggi l&#8217;articolo sul numero di Luglio di eHealth News!"},"content":{"rendered":"<p>&#8220;Competenza e professionalit\u00e0 fanno da motore per una nuova realt\u00e0 associativa: nasce cos\u00ec AITeRTC, Associazione Italiana Tecnici di Radiologia in TC. Facciamo le presentazioni di questa associazione dalle grandi ambizioni che, gi\u00e0 operativa sul campo, sta promuovendo iniziative formative di grande interesse e finalizzate al raggiungimento di una competenza specifica di capitale importanza.&#8221;<\/p>\n<p>By Giuseppe Scappatura, Luciana Gennari e Irene Rigott.<\/p>\n<p>Leggi l&#8217;articolo completo: <a href=\"https:\/\/ehealthnews.it\/lug-ago-2021\/\">ehealthnews.it\/lug-ago-2021\/<\/a><\/p>\n<p>Ecco il Team AITeRTC: <a href=\"https:\/\/www.aitertc.it\/web\/dt_team_category\/associazione\/\">https:\/\/www.aitertc.it\/web\/dt_team_category\/associazione\/<\/a><\/p>\n<p><img fetchpriority=\"high\" decoding=\"async\" src=\"https:\/\/www.aitertc.it\/web\/wp-content\/uploads\/2021\/08\/Immagine1-1-1024x335.jpg\" sizes=\"(max-width: 1024px) 100vw, 1024px\" srcset=\"https:\/\/www.aitertc.it\/web\/wp-content\/uploads\/2021\/08\/Immagine1-1-1024x335.jpg 1024w, https:\/\/www.aitertc.it\/web\/wp-content\/uploads\/2021\/08\/Immagine1-1-300x98.jpg 300w, https:\/\/www.aitertc.it\/web\/wp-content\/uploads\/2021\/08\/Immagine1-1-768x251.jpg 768w, https:\/\/www.aitertc.it\/web\/wp-content\/uploads\/2021\/08\/Immagine1-1.jpg 1464w\" alt=\"\" width=\"1024\" height=\"335\" \/><\/p>\n","protected":false},"excerpt":{"rendered":"<p>&#8220;Competenza e professionalit\u00e0 fanno da motore per una nuova realt\u00e0 associativa: nasce cos\u00ec AITeRTC, Associazione Italiana Tecnici di Radiologia in TC. Facciamo le presentazioni di questa associazione dalle grandi ambizioni&hellip;<\/p>\n","protected":false},"author":32,"featured_media":5333,"comment_status":"closed","ping_status":"closed","sticky":false,"template":"","format":"standard","meta":{"footnotes":""},"categories":[1],"tags":[],"class_list":["post-5332","post","type-post","status-publish","format-standard","has-post-thumbnail","hentry","category-news","category-1","description-off"],"_links":{"self":[{"href":"https:\/\/www.aitertc.it\/web\/wp-json\/wp\/v2\/posts\/5332","targetHints":{"allow":["GET"]}}],"collection":[{"href":"https:\/\/www.aitertc.it\/web\/wp-json\/wp\/v2\/posts"}],"about":[{"href":"https:\/\/www.aitertc.it\/web\/wp-json\/wp\/v2\/types\/post"}],"author":[{"embeddable":true,"href":"https:\/\/www.aitertc.it\/web\/wp-json\/wp\/v2\/users\/32"}],"replies":[{"embeddable":true,"href":"https:\/\/www.aitertc.it\/web\/wp-json\/wp\/v2\/comments?post=5332"}],"version-history":[{"count":10,"href":"https:\/\/www.aitertc.it\/web\/wp-json\/wp\/v2\/posts\/5332\/revisions"}],"predecessor-version":[{"id":5345,"href":"https:\/\/www.aitertc.it\/web\/wp-json\/wp\/v2\/posts\/5332\/revisions\/5345"}],"wp:featuredmedia":[{"embeddable":true,"href":"https:\/\/www.aitertc.it\/web\/wp-json\/wp\/v2\/media\/5333"}],"wp:attachment":[{"href":"https:\/\/www.aitertc.it\/web\/wp-json\/wp\/v2\/media?parent=5332"}],"wp:term":[{"taxonomy":"category","embeddable":true,"href":"https:\/\/www.aitertc.it\/web\/wp-json\/wp\/v2\/categories?post=5332"},{"taxonomy":"post_tag","embeddable":true,"href":"https:\/\/www.aitertc.it\/web\/wp-json\/wp\/v2\/tags?post=5332"}],"curies":[{"name":"wp","href":"https:\/\/api.w.org\/{rel}","templated":true}]}}