{"id":5917,"date":"2021-10-28T06:49:11","date_gmt":"2021-10-28T06:49:11","guid":{"rendered":"https:\/\/www.aitertc.it\/web\/?p=5917"},"modified":"2024-01-17T10:39:15","modified_gmt":"2024-01-17T09:39:15","slug":"diagnostica-per-immagini-applicata-allarte-nuova-frontiera-per-la-tc","status":"publish","type":"post","link":"https:\/\/www.aitertc.it\/web\/2021\/10\/28\/diagnostica-per-immagini-applicata-allarte-nuova-frontiera-per-la-tc\/","title":{"rendered":"Diagnostica per immagini applicata all\u2019arte, nuova frontiera per la TC?"},"content":{"rendered":"<p>Il tema non \u00e8 completamente nuovo ma prende forma con contorni sempre pi\u00f9 delineati nel contesto italiano. Venerd\u00ec 23 ottobre a Palermo, nel corso dell&#8217;evento formativo &#8220;Radiologia e Archeologia: il Medioevo&#8221;, il presidente dell\u2019Ordine dei medici di Palermo Toti Amato ha annunciato la creazione di un team di specialisti, guidati dal radiologo Giuseppe Salerno, che si occuper\u00e0 di radiologia applicata alla conservazione e preservazione dell&#8217;immenso patrimonio artistico dei nostri territori.<br \/>\nper maggiori info <<a href=\"https:\/\/www.blogsicilia.it\/palermo\/radiologia-arte-diagnostica-beni-culturali\/648602\/\">www.blogsicilia.it\/palermo\/radiologia-arte-diagnostica-beni-culturali\/648602\/<\/a>><\/p>\n<div class=\"postie-attachments\"><img decoding=\"async\" src=\"https:\/\/www.aitertc.it\/web\/wp-content\/uploads\/2021\/10\/Immagine.png \" alt=\"\" width=\"300px\" height=\"209px\" class=\"alignnone size-medium wp-image-5918\" srcset=\"https:\/\/www.aitertc.it\/web\/wp-content\/uploads\/2021\/10\/Immagine.png 808w, https:\/\/www.aitertc.it\/web\/wp-content\/uploads\/2021\/10\/Immagine-300x209.png 300w, https:\/\/www.aitertc.it\/web\/wp-content\/uploads\/2021\/10\/Immagine-768x534.png 768w\" sizes=\"(max-width: 808px) 100vw, 808px\" \/><\/div>\n","protected":false},"excerpt":{"rendered":"<p>Il tema non \u00e8 completamente nuovo ma prende forma con contorni sempre pi\u00f9 delineati nel contesto italiano. Venerd\u00ec 23 ottobre a Palermo, nel corso dell&#8217;evento formativo &#8220;Radiologia e Archeologia: il&hellip;<\/p>\n","protected":false},"author":5,"featured_media":5918,"comment_status":"closed","ping_status":"","sticky":false,"template":"","format":"standard","meta":{"footnotes":""},"categories":[1],"tags":[],"class_list":["post-5917","post","type-post","status-publish","format-standard","has-post-thumbnail","hentry","category-news","category-1","description-off"],"_links":{"self":[{"href":"https:\/\/www.aitertc.it\/web\/wp-json\/wp\/v2\/posts\/5917","targetHints":{"allow":["GET"]}}],"collection":[{"href":"https:\/\/www.aitertc.it\/web\/wp-json\/wp\/v2\/posts"}],"about":[{"href":"https:\/\/www.aitertc.it\/web\/wp-json\/wp\/v2\/types\/post"}],"author":[{"embeddable":true,"href":"https:\/\/www.aitertc.it\/web\/wp-json\/wp\/v2\/users\/5"}],"replies":[{"embeddable":true,"href":"https:\/\/www.aitertc.it\/web\/wp-json\/wp\/v2\/comments?post=5917"}],"version-history":[{"count":1,"href":"https:\/\/www.aitertc.it\/web\/wp-json\/wp\/v2\/posts\/5917\/revisions"}],"predecessor-version":[{"id":13704,"href":"https:\/\/www.aitertc.it\/web\/wp-json\/wp\/v2\/posts\/5917\/revisions\/13704"}],"wp:featuredmedia":[{"embeddable":true,"href":"https:\/\/www.aitertc.it\/web\/wp-json\/wp\/v2\/media\/5918"}],"wp:attachment":[{"href":"https:\/\/www.aitertc.it\/web\/wp-json\/wp\/v2\/media?parent=5917"}],"wp:term":[{"taxonomy":"category","embeddable":true,"href":"https:\/\/www.aitertc.it\/web\/wp-json\/wp\/v2\/categories?post=5917"},{"taxonomy":"post_tag","embeddable":true,"href":"https:\/\/www.aitertc.it\/web\/wp-json\/wp\/v2\/tags?post=5917"}],"curies":[{"name":"wp","href":"https:\/\/api.w.org\/{rel}","templated":true}]}}